{"id":785,"date":"2020-07-30T11:49:38","date_gmt":"2020-07-30T11:49:38","guid":{"rendered":"http:\/\/algortakojaibatzordea.eus\/?p=785"},"modified":"2020-07-30T11:58:23","modified_gmt":"2020-07-30T11:58:23","slug":"gracias-por-uniros-ayer","status":"publish","type":"post","link":"https:\/\/algortakojaibatzordea.eus\/index.php\/es\/2020\/07\/30\/gracias-por-uniros-ayer\/","title":{"rendered":"Gracias por uniros ayer!!"},"content":{"rendered":"\n<p>Queremos agradecer a todas las Algortarras que ayer nos acompa\u00f1asteis en la manifestaci\u00f3n. La verdad es que estamos muy contentas por la respuesta recibida y la actitud de todas y cada una de vosotras durante la manifestaci\u00f3n.<\/p>\n\n\n\n<p>Eskerrik asko benetan!!<\/p>\n\n\n\n<p>Tal y como record\u00e1bamos ayer, aunque queramos disfrutar de las fiestas como lo hemos hecho hasta ahora m\u00e1s que nunca tenemos que usar el sentido com\u00fan y la cabeza estos d\u00edas. Seamos responsables.<\/p>\n\n\n\n<p>Gora Algortako jaiak!!<\/p>\n\n\n\n<figure class=\"wp-block-image size-large\"><img fetchpriority=\"high\" decoding=\"async\" width=\"1024\" height=\"213\" src=\"http:\/\/algortakojaibatzordea.eus\/wp-content\/uploads\/2020\/07\/plaza_deialdia_2-1-1024x213.jpg\" alt=\"plaza_deialdia_2\" class=\"wp-image-789\" srcset=\"https:\/\/algortakojaibatzordea.eus\/wp-content\/uploads\/2020\/07\/plaza_deialdia_2-1-1024x213.jpg 1024w, https:\/\/algortakojaibatzordea.eus\/wp-content\/uploads\/2020\/07\/plaza_deialdia_2-1-300x62.jpg 300w, https:\/\/algortakojaibatzordea.eus\/wp-content\/uploads\/2020\/07\/plaza_deialdia_2-1-768x159.jpg 768w, https:\/\/algortakojaibatzordea.eus\/wp-content\/uploads\/2020\/07\/plaza_deialdia_2-1-830x172.jpg 830w, https:\/\/algortakojaibatzordea.eus\/wp-content\/uploads\/2020\/07\/plaza_deialdia_2-1-230x48.jpg 230w, https:\/\/algortakojaibatzordea.eus\/wp-content\/uploads\/2020\/07\/plaza_deialdia_2-1-350x73.jpg 350w, https:\/\/algortakojaibatzordea.eus\/wp-content\/uploads\/2020\/07\/plaza_deialdia_2-1-480x100.jpg 480w, https:\/\/algortakojaibatzordea.eus\/wp-content\/uploads\/2020\/07\/plaza_deialdia_2-1-24x5.jpg 24w, https:\/\/algortakojaibatzordea.eus\/wp-content\/uploads\/2020\/07\/plaza_deialdia_2-1-36x7.jpg 36w, https:\/\/algortakojaibatzordea.eus\/wp-content\/uploads\/2020\/07\/plaza_deialdia_2-1-48x10.jpg 48w, https:\/\/algortakojaibatzordea.eus\/wp-content\/uploads\/2020\/07\/plaza_deialdia_2-1.jpg 1464w\" sizes=\"(max-width: 1024px) 100vw, 1024px\" \/><\/figure>\n\n\n\n<p>Aqu\u00ed ten\u00e9is el v\u00eddeo que ha creado hiruka con el seguimiento de la convocatoria y tambi\u00e9n la lectura que hicimos en la plaza.<\/p>\n\n\n\n<figure class=\"wp-block-embed-youtube wp-block-embed is-type-video is-provider-youtube wp-embed-aspect-16-9 wp-has-aspect-ratio\"><div class=\"wp-block-embed__wrapper\">\n<iframe title=\"Algortako jai herrikoien aldeko manifestazioa\" width=\"1170\" height=\"658\" src=\"https:\/\/www.youtube.com\/embed\/dwab_YLgiN8?feature=oembed\" frameborder=\"0\" allow=\"accelerometer; autoplay; encrypted-media; gyroscope; picture-in-picture\" allowfullscreen><\/iframe>\n<\/div><\/figure>\n\n\n<a href=\"https:\/\/algortakojaibatzordea.eus\/wp-content\/uploads\/2020\/07\/jaiba_mania_irakurketa_erderaz.pdf\" class=\"pdfemb-viewer\" style=\"\" data-width=\"max\" data-height=\"max\" data-toolbar=\"bottom\" data-toolbar-fixed=\"off\">jaiba_mania_irakurketa_erderaz<\/a>\n<p class=\"wp-block-pdfemb-pdf-embedder-viewer\"><\/p>\n","protected":false},"excerpt":{"rendered":"<p>Queremos agradecer a todas las Algortarras que ayer nos acompa\u00f1asteis en la manifestaci\u00f3n. La verdad es que estamos muy contentas por la [&hellip;]<\/p>\n","protected":false},"author":2,"featured_media":788,"comment_status":"open","ping_status":"open","sticky":false,"template":"","format":"standard","meta":{"_price":"","_stock":"","_tribe_ticket_header":"","_tribe_default_ticket_provider":"","_tribe_ticket_capacity":"0","_ticket_start_date":"","_ticket_end_date":"","_tribe_ticket_show_description":"","_tribe_ticket_show_not_going":false,"_tribe_ticket_use_global_stock":"","_tribe_ticket_global_stock_level":"","_global_stock_mode":"","_global_stock_cap":"","_tribe_rsvp_for_event":"","_tribe_ticket_going_count":"","_tribe_ticket_not_going_count":"","_tribe_tickets_list":"[]","_tribe_ticket_has_attendee_info_fields":false,"_EventAllDay":false,"_EventTimezone":"","_EventStartDate":"","_EventEndDate":"","_EventStartDateUTC":"","_EventEndDateUTC":"","_EventShowMap":false,"_EventShowMapLink":false,"_EventURL":"","_EventCost":"","_EventCostDescription":"","_EventCurrencySymbol":"","_EventCurrencyCode":"","_EventCurrencyPosition":"","_EventDateTimeSeparator":"","_EventTimeRangeSeparator":"","_EventOrganizerID":[],"_EventVenueID":[],"_OrganizerEmail":"","_OrganizerPhone":"","_OrganizerWebsite":"","_VenueAddress":"","_VenueCity":"","_VenueCountry":"","_VenueProvince":"","_VenueState":"","_VenueZip":"","_VenuePhone":"","_VenueURL":"","_VenueStateProvince":"","_VenueLat":"","_VenueLng":"","_VenueShowMap":false,"_VenueShowMapLink":false,"footnotes":""},"categories":[45],"tags":[],"_links":{"self":[{"href":"https:\/\/algortakojaibatzordea.eus\/index.php\/wp-json\/wp\/v2\/posts\/785"}],"collection":[{"href":"https:\/\/algortakojaibatzordea.eus\/index.php\/wp-json\/wp\/v2\/posts"}],"about":[{"href":"https:\/\/algortakojaibatzordea.eus\/index.php\/wp-json\/wp\/v2\/types\/post"}],"author":[{"embeddable":true,"href":"https:\/\/algortakojaibatzordea.eus\/index.php\/wp-json\/wp\/v2\/users\/2"}],"replies":[{"embeddable":true,"href":"https:\/\/algortakojaibatzordea.eus\/index.php\/wp-json\/wp\/v2\/comments?post=785"}],"version-history":[{"count":3,"href":"https:\/\/algortakojaibatzordea.eus\/index.php\/wp-json\/wp\/v2\/posts\/785\/revisions"}],"predecessor-version":[{"id":792,"href":"https:\/\/algortakojaibatzordea.eus\/index.php\/wp-json\/wp\/v2\/posts\/785\/revisions\/792"}],"wp:featuredmedia":[{"embeddable":true,"href":"https:\/\/algortakojaibatzordea.eus\/index.php\/wp-json\/wp\/v2\/media\/788"}],"wp:attachment":[{"href":"https:\/\/algortakojaibatzordea.eus\/index.php\/wp-json\/wp\/v2\/media?parent=785"}],"wp:term":[{"taxonomy":"category","embeddable":true,"href":"https:\/\/algortakojaibatzordea.eus\/index.php\/wp-json\/wp\/v2\/categories?post=785"},{"taxonomy":"post_tag","embeddable":true,"href":"https:\/\/algortakojaibatzordea.eus\/index.php\/wp-json\/wp\/v2\/tags?post=785"}],"curies":[{"name":"wp","href":"https:\/\/api.w.org\/{rel}","templated":true}]}}